{"id":60,"date":"2010-07-06T11:19:42","date_gmt":"2010-07-06T10:19:42","guid":{"rendered":"http:\/\/trasimenomusicfestival.angelahewitt.org\/os\/?p=60"},"modified":"2018-10-03T18:02:31","modified_gmt":"2018-10-03T17:02:31","slug":"the-2010-trasimeno-music-festival","status":"publish","type":"post","link":"https:\/\/trasimenomusicfestival.com\/it\/the-2010-trasimeno-music-festival\/","title":{"rendered":"Trasimeno Music Festival 2010"},"content":{"rendered":"<img loading=\"lazy\" decoding=\"async\" src=\"http:\/\/trasimenomusicfestival.com\/os\/wp-content\/uploads\/2018\/08\/2010.jpg\" alt=\"\" width=\"741\" height=\"118\" class=\"aligncenter size-full wp-image-61\" srcset=\"https:\/\/trasimenomusicfestival.com\/os\/wp-content\/uploads\/2018\/08\/2010.jpg 741w, https:\/\/trasimenomusicfestival.com\/os\/wp-content\/uploads\/2018\/08\/2010-350x56.jpg 350w, https:\/\/trasimenomusicfestival.com\/os\/wp-content\/uploads\/2018\/08\/2010-300x48.jpg 300w\" sizes=\"auto, (max-width: 741px) 100vw, 741px\" \/><\/p>\n<p>Che gioia \u00e8 stata! Il sesto Trasimeno Music Festival \u00e8 stato davvero il migliore fra tutti quelli che abbiamo presentato e di sicuro non sar\u00e0 facile ripetersi in futuro. Abbiamo avuto un pubblico fantastico, sia in termini di qualit\u00e0 sia di presenze. Il loro silenzio e la loro attenta partecipazione sono stati davvero notevoli, hanno commentato i musicisti. Il pubblico \u00e8 veramente venuto con l\u2019intenzione di tendere l\u2019orecchio ad ogni concerto quasi non volesse perdere nemmeno una nota o una sola battuta. Abbiamo avuto presenze da tutto il mondo: Canada, Stati Uniti (tra cui un gruppo di Spivey Hall di Atlanta), Australia, Regno Unito, Giappone, Ungheria, Germania, Danimarca, Francia, Svizzera, Hong Kong, e con grande soddisfazione e piacere un nutrito numero di italiani. I miei colleghi artisti sono stati tutti fantastici. Mi hanno dato tantissima soddisfazione e felicit\u00e0, non solo per aver fatto musica con loro, ma anche per averli potuti ascoltare dalla platea in mezzo al pubblico. Il violoncellista Pieter Wispelwey (con me nella foto) si \u00e8 esibito in quattro dei sette concerti, suonando Bach, Schubert, Haydn e Chopin (la sua Sonata di Chopin \u00e8 stata per me una cosa di rara bellezza, che mi ha ricompensato di tutte le lunghe ore di studio e lavoro). Il Quartetto di Cremona, il solo quartetto d&#8217;archi che si stia imponendo al di fuori dei confini italiani, si \u00e8 superato nei suoi due concerti, con una brillante esecuzione de &#8220;La Morte e la Fanciulla&#8221; di Schubert. Il soprano Ilona Domnich ci ha regalato, nella serata finale, un&#8217;interpretazione affascinante di alcuni brani di Chopin (non \u00e8 mai piovuto quest\u2019anno, quindi siamo stati in grado di godere completamente della magia della corte del Castello dei Cavalieri di Malta per tutti i concerti da camera). Il Direttore Hannu Lintu ha galvanizzato l&#8217;Orchestra da Camera di Mantova in una straordinaria performance della Seconda Sinfonia di Beethoven, che io e gli ascoltatori ricorderemo a lungo; una combinazione di energia incredibile e passione con una bella ed elegante esecuzione del Larghetto. Se l\u2019esibizione del Quarto Concerto per pianoforte di Beethoven \u00e8 stata la dimostrazione di quanto sia facile combinare la nostra personalit\u00e0 musicale, i molti concerti che terremo insieme nei prossimi anni saranno per me sicuramente eventi da ricordare. A Gubbio, nei due Concerti di Mozart, ho diretto l&#8217;orchestra guidata dall&#8217;instancabile Carlo Fabiano, cosa non facile da fare soprattutto per la presenza di un &#8220;vero e proprio Direttore\u201d seduto tra il pubblico; Hannu Lintu. L\u2019Orchestra da Camera di Mantova \u00e8 formata da eccellenti musicisti provenienti da tutta Italia (tra cui il primo oboista della Scala). Il nostro ospite letterario \u00e8 stato Vikram Seth, intervistato (come fu gi\u00e0 Ian McEwan lo scorso anno) dal giornalista radiotelevisivo canadese Eric Friesen. Mi dispiace che non abbia avuto tempo a casa per accompagnarlo in alcuni brani di Schubert, come mi aveva chiesto. Ogni minuto del mio tempo \u00e8 stato sfruttato, ho dormito pochissimo per tutta la settimana, poi le prove, concerti, meeting con i fans, l\u2019allestimento della cucina per i musicisti (11 per il pranzo, 6 per la cena)&#8230; c&#8217;\u00e8 stato appena un attimo per respirare. Ma la parte pi\u00f9 importante di questo festival \u00e8 stata quella di aver passato un po\u2019 di tempo con i miei colleghi musicisti e di aver potuto incontrare il mio pubblico. Devo ringraziare tutto il mio staff e gli assistenti personali, che anche quest\u2019anno si sono superati. Siamo davvero in pochi, ma ognuno \u00e8 necessario e senza l\u2019apporto di tutti nulla sarebbe stato possibile. Non ho ancora trovato il tempo per pensare al programma per il prossimo anno. Prima dobbiamo vedere i risultati di quest&#8217;anno. Ma teniamo le dita incrociate con la speranza che si possa andare avanti e avere un&#8217;altra settimana di musica eccezionale in questo luogo straordinario collocato in una delle parti pi\u00f9 belle d&#8217;Italia. Un enorme grazie a tutti quelli che con la loro generosit\u00e0 ci hanno supportato e sono divenuti \u201cAmici del Trasimeno Music Festival\u201d. Il vostro aiuto \u00e8 stato vitale.<\/p>\n<p><strong>Angela Hewitt<br \/>\nDirettore Artistico<\/strong>","protected":false},"excerpt":{"rendered":"<p class=\"qtranxs-available-languages-message qtranxs-available-languages-message-it\">Purtroppo questa pagina \u00e8 disponibile solo in Inglese.<\/p>\n<a class=\"readmore\" href=\"https:\/\/trasimenomusicfestival.com\/it\/the-2010-trasimeno-music-festival\/\"><span>leggi tutto<\/span><\/a>","protected":false},"author":2,"featured_media":61,"comment_status":"closed","ping_status":"open","sticky":false,"template":"","format":"standard","meta":{"_monsterinsights_skip_tracking":false,"_monsterinsights_sitenote_active":false,"_monsterinsights_sitenote_note":"","_monsterinsights_sitenote_category":0,"footnotes":""},"categories":[11],"tags":[],"class_list":["post-60","post","type-post","status-publish","format-standard","has-post-thumbnail","hentry","category-xnxexwxs"],"yoast_head":"<!-- This site is optimized with the Yoast SEO plugin v27.4 - https:\/\/yoast.com\/product\/yoast-seo-wordpress\/ -->\n<title>Trasimeno Music Festival 2010 - Trasimeno Music Festival<\/title>\n<meta name=\"robots\" content=\"index, follow, max-snippet:-1, max-image-preview:large, max-video-preview:-1\" \/>\n<link rel=\"canonical\" href=\"https:\/\/trasimenomusicfestival.com\/the-2010-trasimeno-music-festival\/\" \/>\n<meta name=\"twitter:card\" content=\"summary_large_image\" \/>\n<meta name=\"twitter:title\" content=\"[:en]The 2010 Trasimeno Music Festival[:it]Trasimeno Music Festival 2010[:] - Trasimeno Music Festival\" \/>\n<meta name=\"twitter:description\" content=\"[:en]What a joy it has all been! The sixth Trasimeno Music Festival was really the best yet, and for sure will be hard to equal in the future. We had fantastic audiences all week, both in quality and numbers. Their silence throughout the concerts was truly remarkable and was commented on by the musicians. They had come to listen and weren\u2019t going to miss any of it. We had people from all over the world\u2014Canada, USA (including a group from Spivey Hall, Atlanta), Australia, the UK, Japan, Hungary, Germany, Denmark, France, Switzerland, Hong Kong, and more Italians than ever before which pleased me. My fellow artists were all fantastic, and I was so happy not only performing along with them, but listening to them from the audience.[:]\" \/>\n<meta name=\"twitter:image\" content=\"https:\/\/trasimenomusicfestival.com\/os\/wp-content\/uploads\/2018\/08\/2010.jpg\" \/>\n<meta name=\"twitter:creator\" content=\"@TrasimenoMusic\" \/>\n<meta name=\"twitter:site\" content=\"@TrasimenoMusic\" \/>\n<meta name=\"twitter:label1\" content=\"Scritto da\" \/>\n\t<meta name=\"twitter:data1\" content=\"tmf_admin\" \/>\n\t<meta name=\"twitter:label2\" content=\"Tempo di lettura stimato\" \/>\n\t<meta name=\"twitter:data2\" content=\"6 minuti\" \/>\n<script type=\"application\/ld+json\" class=\"yoast-schema-graph\">{\"@context\":\"https:\\\/\\\/schema.org\",\"@graph\":[{\"@type\":\"Article\",\"@id\":\"https:\\\/\\\/trasimenomusicfestival.com\\\/the-2010-trasimeno-music-festival\\\/#article\",\"isPartOf\":{\"@id\":\"https:\\\/\\\/trasimenomusicfestival.com\\\/the-2010-trasimeno-music-festival\\\/\"},\"author\":{\"name\":\"tmf_admin\",\"@id\":\"https:\\\/\\\/trasimenomusicfestival.com\\\/#\\\/schema\\\/person\\\/5b7e8728546d1ab442a540e1ce70fb51\"},\"headline\":\"Trasimeno Music Festival 2010\",\"datePublished\":\"2010-07-06T10:19:42+00:00\",\"dateModified\":\"2018-10-03T17:02:31+00:00\",\"mainEntityOfPage\":{\"@id\":\"https:\\\/\\\/trasimenomusicfestival.com\\\/the-2010-trasimeno-music-festival\\\/\"},\"wordCount\":1244,\"publisher\":{\"@id\":\"https:\\\/\\\/trasimenomusicfestival.com\\\/#organization\"},\"image\":{\"@id\":\"https:\\\/\\\/trasimenomusicfestival.com\\\/the-2010-trasimeno-music-festival\\\/#primaryimage\"},\"thumbnailUrl\":\"https:\\\/\\\/trasimenomusicfestival.com\\\/os\\\/wp-content\\\/uploads\\\/2018\\\/08\\\/2010.jpg\",\"articleSection\":[\"Notizia\"],\"inLanguage\":\"it-IT\"},{\"@type\":\"WebPage\",\"@id\":\"https:\\\/\\\/trasimenomusicfestival.com\\\/the-2010-trasimeno-music-festival\\\/\",\"url\":\"https:\\\/\\\/trasimenomusicfestival.com\\\/the-2010-trasimeno-music-festival\\\/\",\"name\":\"[:en]The 2010 Trasimeno Music Festival[:it]Trasimeno Music Festival 2010[:] - Trasimeno Music Festival\",\"isPartOf\":{\"@id\":\"https:\\\/\\\/trasimenomusicfestival.com\\\/#website\"},\"primaryImageOfPage\":{\"@id\":\"https:\\\/\\\/trasimenomusicfestival.com\\\/the-2010-trasimeno-music-festival\\\/#primaryimage\"},\"image\":{\"@id\":\"https:\\\/\\\/trasimenomusicfestival.com\\\/the-2010-trasimeno-music-festival\\\/#primaryimage\"},\"thumbnailUrl\":\"https:\\\/\\\/trasimenomusicfestival.com\\\/os\\\/wp-content\\\/uploads\\\/2018\\\/08\\\/2010.jpg\",\"datePublished\":\"2010-07-06T10:19:42+00:00\",\"dateModified\":\"2018-10-03T17:02:31+00:00\",\"breadcrumb\":{\"@id\":\"https:\\\/\\\/trasimenomusicfestival.com\\\/the-2010-trasimeno-music-festival\\\/#breadcrumb\"},\"inLanguage\":\"it-IT\",\"potentialAction\":[{\"@type\":\"ReadAction\",\"target\":[\"https:\\\/\\\/trasimenomusicfestival.com\\\/the-2010-trasimeno-music-festival\\\/\"]}]},{\"@type\":\"ImageObject\",\"inLanguage\":\"it-IT\",\"@id\":\"https:\\\/\\\/trasimenomusicfestival.com\\\/the-2010-trasimeno-music-festival\\\/#primaryimage\",\"url\":\"https:\\\/\\\/trasimenomusicfestival.com\\\/os\\\/wp-content\\\/uploads\\\/2018\\\/08\\\/2010.jpg\",\"contentUrl\":\"https:\\\/\\\/trasimenomusicfestival.com\\\/os\\\/wp-content\\\/uploads\\\/2018\\\/08\\\/2010.jpg\",\"width\":741,\"height\":118},{\"@type\":\"BreadcrumbList\",\"@id\":\"https:\\\/\\\/trasimenomusicfestival.com\\\/the-2010-trasimeno-music-festival\\\/#breadcrumb\",\"itemListElement\":[{\"@type\":\"ListItem\",\"position\":1,\"name\":\"Home\",\"item\":\"https:\\\/\\\/trasimenomusicfestival.com\\\/\"},{\"@type\":\"ListItem\",\"position\":2,\"name\":\"The 2010 Trasimeno Music Festival\"}]},{\"@type\":\"WebSite\",\"@id\":\"https:\\\/\\\/trasimenomusicfestival.com\\\/#website\",\"url\":\"https:\\\/\\\/trasimenomusicfestival.com\\\/\",\"name\":\"Trasimeno Music Festival\",\"description\":\"Concerti estivi in Umbria e sulle rive del Lago Trasimeno.\",\"publisher\":{\"@id\":\"https:\\\/\\\/trasimenomusicfestival.com\\\/#organization\"},\"potentialAction\":[{\"@type\":\"SearchAction\",\"target\":{\"@type\":\"EntryPoint\",\"urlTemplate\":\"https:\\\/\\\/trasimenomusicfestival.com\\\/?s={search_term_string}\"},\"query-input\":{\"@type\":\"PropertyValueSpecification\",\"valueRequired\":true,\"valueName\":\"search_term_string\"}}],\"inLanguage\":\"it-IT\"},{\"@type\":\"Organization\",\"@id\":\"https:\\\/\\\/trasimenomusicfestival.com\\\/#organization\",\"name\":\"Trasimeno Music Festival\",\"url\":\"https:\\\/\\\/trasimenomusicfestival.com\\\/\",\"logo\":{\"@type\":\"ImageObject\",\"inLanguage\":\"it-IT\",\"@id\":\"https:\\\/\\\/trasimenomusicfestival.com\\\/#\\\/schema\\\/logo\\\/image\\\/\",\"url\":\"https:\\\/\\\/trasimenomusicfestival.com\\\/os\\\/wp-content\\\/uploads\\\/2018\\\/08\\\/TMF-logo.jpg\",\"contentUrl\":\"https:\\\/\\\/trasimenomusicfestival.com\\\/os\\\/wp-content\\\/uploads\\\/2018\\\/08\\\/TMF-logo.jpg\",\"width\":1280,\"height\":854,\"caption\":\"Trasimeno Music Festival\"},\"image\":{\"@id\":\"https:\\\/\\\/trasimenomusicfestival.com\\\/#\\\/schema\\\/logo\\\/image\\\/\"},\"sameAs\":[\"https:\\\/\\\/www.facebook.com\\\/pages\\\/Trasimeno-Music-Festival\\\/133308716785209\",\"https:\\\/\\\/x.com\\\/TrasimenoMusic\",\"https:\\\/\\\/www.youtube.com\\\/channel\\\/UC-FOdrJ8yYapx2cweIM3fYA\"]},{\"@type\":\"Person\",\"@id\":\"https:\\\/\\\/trasimenomusicfestival.com\\\/#\\\/schema\\\/person\\\/5b7e8728546d1ab442a540e1ce70fb51\",\"name\":\"tmf_admin\",\"image\":{\"@type\":\"ImageObject\",\"inLanguage\":\"it-IT\",\"@id\":\"https:\\\/\\\/secure.gravatar.com\\\/avatar\\\/24327d278c452f50b3c59b6d03f08e0a855ca4949e4c4a4865e617cfed90c5af?s=96&d=mm&r=g\",\"url\":\"https:\\\/\\\/secure.gravatar.com\\\/avatar\\\/24327d278c452f50b3c59b6d03f08e0a855ca4949e4c4a4865e617cfed90c5af?s=96&d=mm&r=g\",\"contentUrl\":\"https:\\\/\\\/secure.gravatar.com\\\/avatar\\\/24327d278c452f50b3c59b6d03f08e0a855ca4949e4c4a4865e617cfed90c5af?s=96&d=mm&r=g\",\"caption\":\"tmf_admin\"}}]}<\/script>\n<!-- \/ Yoast SEO plugin. -->","yoast_head_json":{"title":"Trasimeno Music Festival 2010 - Trasimeno Music Festival","robots":{"index":"index","follow":"follow","max-snippet":"max-snippet:-1","max-image-preview":"max-image-preview:large","max-video-preview":"max-video-preview:-1"},"canonical":"https:\/\/trasimenomusicfestival.com\/the-2010-trasimeno-music-festival\/","twitter_card":"summary_large_image","twitter_title":"[:en]The 2010 Trasimeno Music Festival[:it]Trasimeno Music Festival 2010[:] - Trasimeno Music Festival","twitter_description":"[:en]What a joy it has all been! The sixth Trasimeno Music Festival was really the best yet, and for sure will be hard to equal in the future. We had fantastic audiences all week, both in quality and numbers. Their silence throughout the concerts was truly remarkable and was commented on by the musicians. They had come to listen and weren\u2019t going to miss any of it. We had people from all over the world\u2014Canada, USA (including a group from Spivey Hall, Atlanta), Australia, the UK, Japan, Hungary, Germany, Denmark, France, Switzerland, Hong Kong, and more Italians than ever before which pleased me. My fellow artists were all fantastic, and I was so happy not only performing along with them, but listening to them from the audience.[:]","twitter_image":"https:\/\/trasimenomusicfestival.com\/os\/wp-content\/uploads\/2018\/08\/2010.jpg","twitter_creator":"@TrasimenoMusic","twitter_site":"@TrasimenoMusic","twitter_misc":{"Scritto da":"tmf_admin","Tempo di lettura stimato":"6 minuti"},"schema":{"@context":"https:\/\/schema.org","@graph":[{"@type":"Article","@id":"https:\/\/trasimenomusicfestival.com\/the-2010-trasimeno-music-festival\/#article","isPartOf":{"@id":"https:\/\/trasimenomusicfestival.com\/the-2010-trasimeno-music-festival\/"},"author":{"name":"tmf_admin","@id":"https:\/\/trasimenomusicfestival.com\/#\/schema\/person\/5b7e8728546d1ab442a540e1ce70fb51"},"headline":"Trasimeno Music Festival 2010","datePublished":"2010-07-06T10:19:42+00:00","dateModified":"2018-10-03T17:02:31+00:00","mainEntityOfPage":{"@id":"https:\/\/trasimenomusicfestival.com\/the-2010-trasimeno-music-festival\/"},"wordCount":1244,"publisher":{"@id":"https:\/\/trasimenomusicfestival.com\/#organization"},"image":{"@id":"https:\/\/trasimenomusicfestival.com\/the-2010-trasimeno-music-festival\/#primaryimage"},"thumbnailUrl":"https:\/\/trasimenomusicfestival.com\/os\/wp-content\/uploads\/2018\/08\/2010.jpg","articleSection":["Notizia"],"inLanguage":"it-IT"},{"@type":"WebPage","@id":"https:\/\/trasimenomusicfestival.com\/the-2010-trasimeno-music-festival\/","url":"https:\/\/trasimenomusicfestival.com\/the-2010-trasimeno-music-festival\/","name":"[:en]The 2010 Trasimeno Music Festival[:it]Trasimeno Music Festival 2010[:] - Trasimeno Music Festival","isPartOf":{"@id":"https:\/\/trasimenomusicfestival.com\/#website"},"primaryImageOfPage":{"@id":"https:\/\/trasimenomusicfestival.com\/the-2010-trasimeno-music-festival\/#primaryimage"},"image":{"@id":"https:\/\/trasimenomusicfestival.com\/the-2010-trasimeno-music-festival\/#primaryimage"},"thumbnailUrl":"https:\/\/trasimenomusicfestival.com\/os\/wp-content\/uploads\/2018\/08\/2010.jpg","datePublished":"2010-07-06T10:19:42+00:00","dateModified":"2018-10-03T17:02:31+00:00","breadcrumb":{"@id":"https:\/\/trasimenomusicfestival.com\/the-2010-trasimeno-music-festival\/#breadcrumb"},"inLanguage":"it-IT","potentialAction":[{"@type":"ReadAction","target":["https:\/\/trasimenomusicfestival.com\/the-2010-trasimeno-music-festival\/"]}]},{"@type":"ImageObject","inLanguage":"it-IT","@id":"https:\/\/trasimenomusicfestival.com\/the-2010-trasimeno-music-festival\/#primaryimage","url":"https:\/\/trasimenomusicfestival.com\/os\/wp-content\/uploads\/2018\/08\/2010.jpg","contentUrl":"https:\/\/trasimenomusicfestival.com\/os\/wp-content\/uploads\/2018\/08\/2010.jpg","width":741,"height":118},{"@type":"BreadcrumbList","@id":"https:\/\/trasimenomusicfestival.com\/the-2010-trasimeno-music-festival\/#breadcrumb","itemListElement":[{"@type":"ListItem","position":1,"name":"Home","item":"https:\/\/trasimenomusicfestival.com\/"},{"@type":"ListItem","position":2,"name":"The 2010 Trasimeno Music Festival"}]},{"@type":"WebSite","@id":"https:\/\/trasimenomusicfestival.com\/#website","url":"https:\/\/trasimenomusicfestival.com\/","name":"Trasimeno Music Festival","description":"Concerti estivi in Umbria e sulle rive del Lago Trasimeno.","publisher":{"@id":"https:\/\/trasimenomusicfestival.com\/#organization"},"potentialAction":[{"@type":"SearchAction","target":{"@type":"EntryPoint","urlTemplate":"https:\/\/trasimenomusicfestival.com\/?s={search_term_string}"},"query-input":{"@type":"PropertyValueSpecification","valueRequired":true,"valueName":"search_term_string"}}],"inLanguage":"it-IT"},{"@type":"Organization","@id":"https:\/\/trasimenomusicfestival.com\/#organization","name":"Trasimeno Music Festival","url":"https:\/\/trasimenomusicfestival.com\/","logo":{"@type":"ImageObject","inLanguage":"it-IT","@id":"https:\/\/trasimenomusicfestival.com\/#\/schema\/logo\/image\/","url":"https:\/\/trasimenomusicfestival.com\/os\/wp-content\/uploads\/2018\/08\/TMF-logo.jpg","contentUrl":"https:\/\/trasimenomusicfestival.com\/os\/wp-content\/uploads\/2018\/08\/TMF-logo.jpg","width":1280,"height":854,"caption":"Trasimeno Music Festival"},"image":{"@id":"https:\/\/trasimenomusicfestival.com\/#\/schema\/logo\/image\/"},"sameAs":["https:\/\/www.facebook.com\/pages\/Trasimeno-Music-Festival\/133308716785209","https:\/\/x.com\/TrasimenoMusic","https:\/\/www.youtube.com\/channel\/UC-FOdrJ8yYapx2cweIM3fYA"]},{"@type":"Person","@id":"https:\/\/trasimenomusicfestival.com\/#\/schema\/person\/5b7e8728546d1ab442a540e1ce70fb51","name":"tmf_admin","image":{"@type":"ImageObject","inLanguage":"it-IT","@id":"https:\/\/secure.gravatar.com\/avatar\/24327d278c452f50b3c59b6d03f08e0a855ca4949e4c4a4865e617cfed90c5af?s=96&d=mm&r=g","url":"https:\/\/secure.gravatar.com\/avatar\/24327d278c452f50b3c59b6d03f08e0a855ca4949e4c4a4865e617cfed90c5af?s=96&d=mm&r=g","contentUrl":"https:\/\/secure.gravatar.com\/avatar\/24327d278c452f50b3c59b6d03f08e0a855ca4949e4c4a4865e617cfed90c5af?s=96&d=mm&r=g","caption":"tmf_admin"}}]}},"_links":{"self":[{"href":"https:\/\/trasimenomusicfestival.com\/it\/wp-json\/wp\/v2\/posts\/60","targetHints":{"allow":["GET"]}}],"collection":[{"href":"https:\/\/trasimenomusicfestival.com\/it\/wp-json\/wp\/v2\/posts"}],"about":[{"href":"https:\/\/trasimenomusicfestival.com\/it\/wp-json\/wp\/v2\/types\/post"}],"author":[{"embeddable":true,"href":"https:\/\/trasimenomusicfestival.com\/it\/wp-json\/wp\/v2\/users\/2"}],"replies":[{"embeddable":true,"href":"https:\/\/trasimenomusicfestival.com\/it\/wp-json\/wp\/v2\/comments?post=60"}],"version-history":[{"count":3,"href":"https:\/\/trasimenomusicfestival.com\/it\/wp-json\/wp\/v2\/posts\/60\/revisions"}],"predecessor-version":[{"id":4602,"href":"https:\/\/trasimenomusicfestival.com\/it\/wp-json\/wp\/v2\/posts\/60\/revisions\/4602"}],"wp:featuredmedia":[{"embeddable":true,"href":"https:\/\/trasimenomusicfestival.com\/it\/wp-json\/wp\/v2\/media\/61"}],"wp:attachment":[{"href":"https:\/\/trasimenomusicfestival.com\/it\/wp-json\/wp\/v2\/media?parent=60"}],"wp:term":[{"taxonomy":"category","embeddable":true,"href":"https:\/\/trasimenomusicfestival.com\/it\/wp-json\/wp\/v2\/categories?post=60"},{"taxonomy":"post_tag","embeddable":true,"href":"https:\/\/trasimenomusicfestival.com\/it\/wp-json\/wp\/v2\/tags?post=60"}],"curies":[{"name":"wp","href":"https:\/\/api.w.org\/{rel}","templated":true}]}}