{"id":58,"date":"2010-08-25T11:16:18","date_gmt":"2010-08-25T10:16:18","guid":{"rendered":"http:\/\/trasimenomusicfestival.angelahewitt.org\/os\/?p=58"},"modified":"2018-10-12T13:05:46","modified_gmt":"2018-10-12T12:05:46","slug":"the-first-international-angela-hewitt-masterclass","status":"publish","type":"post","link":"https:\/\/trasimenomusicfestival.com\/it\/the-first-international-angela-hewitt-masterclass\/","title":{"rendered":"La prima Masterclass Internazionale di Angela Hewitt"},"content":{"rendered":"<img loading=\"lazy\" decoding=\"async\" src=\"http:\/\/trasimenomusicfestival.com\/os\/wp-content\/uploads\/2010\/08\/masterclass2010sml.jpg\" alt=\"\" width=\"751\" height=\"125\" class=\"aligncenter size-full wp-image-4709\" srcset=\"https:\/\/trasimenomusicfestival.com\/os\/wp-content\/uploads\/2010\/08\/masterclass2010sml.jpg 751w, https:\/\/trasimenomusicfestival.com\/os\/wp-content\/uploads\/2010\/08\/masterclass2010sml-350x58.jpg 350w, https:\/\/trasimenomusicfestival.com\/os\/wp-content\/uploads\/2010\/08\/masterclass2010sml-300x50.jpg 300w\" sizes=\"auto, (max-width: 751px) 100vw, 751px\" \/><\/p>\n<p>Non ho mai pensato che mi sarebbe piaciuto cos\u00ec tanto. Normalmente, tengo solo una masterclass che dura tre ore, o in un giorno in cui ho uno spazio fra le prove d&#8217;orchestra, o il giorno prima di un grande recital. Questa \u00e8 stata la prima volta che ne ho data una della durata di una settimana. La temevo un poco; in qualche modo mi chiedevo se avessi potuto sostenere l&#8217;interesse degli allievi, sperando che non diventasse un\u2019assoluta noia. Non \u00e8 stato questo il caso soprattutto grazie agli studenti stessi (tutte ragazze stranamente!). Abbiamo passato insieme, all\u2019Auditorium Marianum di Perugia, una settimana meravigliosa (la masterclass \u00e8 stata una promozione dell\u2019Associazione Trasimeno Music Festival). Avevo chiesto alle giovani pianiste (dai 18 ai 30 anni) di preparare un programma piuttosto vasto (cosa che ha implicitamente richiesto un certo livello di preparazione e qualit\u00e0), permettendoci cos\u00ec lavorare su una grande variet\u00e0 di repertorio, da J.S. Bach a George Crumb. Il primo giorno e mezzo \u00e8 stato utilizzato per i classici e i romantici, poi abbiamo avuto un pomeriggio dedicato a Bach, e le ragazze sono state cos\u00ec stimolate ed eccitate che abbiamo dovuto continuare l&#8217;indomani. Un altro giorno l\u2019abbiamo dedicato a sette concerti (2 di Bach, 1 di Ravel e 4 di Mozart), mentre io suonavo sul secondo pianoforte (potete vederci in foto, nella galleria Masterclasses, dalla sinistra Annie Yim, Silvie Cheng, e Julia Hamos). Le allieve sono venute dal Canada, dagli Stati Uniti, dal Regno Unito, e dall\u2019Italia (le altre erano Harriet Stubbs, e il Duo Dama di Terni vincitore della Borsa di Studio \u201cPasqualina Pat Adamo\u201d generosamente offerta da uno degli amici canadesi del Trasimeno Music Festival d\u2019inequivocabile origine italiana). Una sera, dopo un\u2019intensa giornata di studio, ho accompagnato tutte loro ad Assisi e ovviamente a vedere il Lago Trasimeno. Al concerto finale, dove hanno davvero suonato molto meglio di quando sono arrivate, mi sono veramente emozionata ed ero quasi in lacrime vedendo la loro felicit\u00e0 ed i loro progressi. Ma prima che voi tutti siate presi dall&#8217;entusiasmo per assistere o partecipare alla prossima masterclass, lasciatemi dire che questa \u00e8 stata una cosa abbastanza unica e credo che la prossima estate non avr\u00f2 il tempo per ripetere quest&#8217;esperienza. Durante il mio mini-anno sabbatico \u00e8 stato possibile, ma la prossima estate gi\u00e0 si prefigura come particolarmente impegnativa, con programmazioni concertistiche che abbracceranno un vastissimo repertorio da preparare, sia vecchio che nuovo. Quindi non posso permettermi una settimana da dedicare alla masterclass, ma forse in futuro ci sar\u00e0 un&#8217;altra occasione. Spero sia davvero cos\u00ec.<\/p>\n<p><strong>Angela Hewitt<\/strong>","protected":false},"excerpt":{"rendered":"<p class=\"qtranxs-available-languages-message qtranxs-available-languages-message-it\">Purtroppo questa pagina \u00e8 disponibile solo in Inglese.<\/p>\n<a class=\"readmore\" href=\"https:\/\/trasimenomusicfestival.com\/it\/the-first-international-angela-hewitt-masterclass\/\"><span>leggi tutto<\/span><\/a>","protected":false},"author":2,"featured_media":4709,"comment_status":"closed","ping_status":"open","sticky":false,"template":"","format":"standard","meta":{"_monsterinsights_skip_tracking":false,"_monsterinsights_sitenote_active":false,"_monsterinsights_sitenote_note":"","_monsterinsights_sitenote_category":0,"footnotes":""},"categories":[11],"tags":[],"class_list":["post-58","post","type-post","status-publish","format-standard","has-post-thumbnail","hentry","category-xnxexwxs"],"yoast_head":"<!-- This site is optimized with the Yoast SEO plugin v27.4 - https:\/\/yoast.com\/product\/yoast-seo-wordpress\/ -->\n<title>La prima Masterclass Internazionale di Angela Hewitt - Trasimeno Music Festival<\/title>\n<meta name=\"robots\" content=\"index, follow, max-snippet:-1, max-image-preview:large, max-video-preview:-1\" \/>\n<link rel=\"canonical\" href=\"https:\/\/trasimenomusicfestival.com\/the-first-international-angela-hewitt-masterclass\/\" \/>\n<meta name=\"twitter:card\" content=\"summary_large_image\" \/>\n<meta name=\"twitter:title\" content=\"[:en]The first International Angela Hewitt Masterclass[:it]La prima Masterclass Internazionale di Angela Hewitt[:] - Trasimeno Music Festival\" \/>\n<meta name=\"twitter:description\" content=\"[:en]I never thought I would enjoy it so much. Normally I only give a masterclass that lasts three hours, on a day when I often have an orchestral rehearsal or am recovering from a big recital the day before. This was the first time ever that I gave one that lasted a week. I was dreading it somewhat\u2014wondering if I would be able to sustain the interest for the pupils, hoping that I wouldn\u2019t get bored. That wasn\u2019t the case at all. Thanks to the students themselves (all girls funnily enough!), we had the most marvellous week together at the Auditorium Marianum in Perugia (the masterclass was a promotion of my Trasimeno Music Festival Association). I had asked the young pianists (aged 18 to 30) to prepare a huge programme (that already demanded a certain level), and we went through vast amounts of repertoire from Bach to George Crumb.[:]\" \/>\n<meta name=\"twitter:image\" content=\"https:\/\/trasimenomusicfestival.com\/os\/wp-content\/uploads\/2010\/08\/masterclass2010sml.jpg\" \/>\n<meta name=\"twitter:creator\" content=\"@TrasimenoMusic\" \/>\n<meta name=\"twitter:site\" content=\"@TrasimenoMusic\" \/>\n<meta name=\"twitter:label1\" content=\"Scritto da\" \/>\n\t<meta name=\"twitter:data1\" content=\"tmf_admin\" \/>\n\t<meta name=\"twitter:label2\" content=\"Tempo di lettura stimato\" \/>\n\t<meta name=\"twitter:data2\" content=\"4 minuti\" \/>\n<script type=\"application\/ld+json\" class=\"yoast-schema-graph\">{\"@context\":\"https:\\\/\\\/schema.org\",\"@graph\":[{\"@type\":\"Article\",\"@id\":\"https:\\\/\\\/trasimenomusicfestival.com\\\/the-first-international-angela-hewitt-masterclass\\\/#article\",\"isPartOf\":{\"@id\":\"https:\\\/\\\/trasimenomusicfestival.com\\\/the-first-international-angela-hewitt-masterclass\\\/\"},\"author\":{\"name\":\"tmf_admin\",\"@id\":\"https:\\\/\\\/trasimenomusicfestival.com\\\/#\\\/schema\\\/person\\\/5b7e8728546d1ab442a540e1ce70fb51\"},\"headline\":\"La prima Masterclass Internazionale di Angela Hewitt\",\"datePublished\":\"2010-08-25T10:16:18+00:00\",\"dateModified\":\"2018-10-12T12:05:46+00:00\",\"mainEntityOfPage\":{\"@id\":\"https:\\\/\\\/trasimenomusicfestival.com\\\/the-first-international-angela-hewitt-masterclass\\\/\"},\"wordCount\":840,\"publisher\":{\"@id\":\"https:\\\/\\\/trasimenomusicfestival.com\\\/#organization\"},\"image\":{\"@id\":\"https:\\\/\\\/trasimenomusicfestival.com\\\/the-first-international-angela-hewitt-masterclass\\\/#primaryimage\"},\"thumbnailUrl\":\"https:\\\/\\\/trasimenomusicfestival.com\\\/os\\\/wp-content\\\/uploads\\\/2010\\\/08\\\/masterclass2010sml.jpg\",\"articleSection\":[\"Notizia\"],\"inLanguage\":\"it-IT\"},{\"@type\":\"WebPage\",\"@id\":\"https:\\\/\\\/trasimenomusicfestival.com\\\/the-first-international-angela-hewitt-masterclass\\\/\",\"url\":\"https:\\\/\\\/trasimenomusicfestival.com\\\/the-first-international-angela-hewitt-masterclass\\\/\",\"name\":\"[:en]The first International Angela Hewitt Masterclass[:it]La prima Masterclass Internazionale di Angela Hewitt[:] - Trasimeno Music Festival\",\"isPartOf\":{\"@id\":\"https:\\\/\\\/trasimenomusicfestival.com\\\/#website\"},\"primaryImageOfPage\":{\"@id\":\"https:\\\/\\\/trasimenomusicfestival.com\\\/the-first-international-angela-hewitt-masterclass\\\/#primaryimage\"},\"image\":{\"@id\":\"https:\\\/\\\/trasimenomusicfestival.com\\\/the-first-international-angela-hewitt-masterclass\\\/#primaryimage\"},\"thumbnailUrl\":\"https:\\\/\\\/trasimenomusicfestival.com\\\/os\\\/wp-content\\\/uploads\\\/2010\\\/08\\\/masterclass2010sml.jpg\",\"datePublished\":\"2010-08-25T10:16:18+00:00\",\"dateModified\":\"2018-10-12T12:05:46+00:00\",\"breadcrumb\":{\"@id\":\"https:\\\/\\\/trasimenomusicfestival.com\\\/the-first-international-angela-hewitt-masterclass\\\/#breadcrumb\"},\"inLanguage\":\"it-IT\",\"potentialAction\":[{\"@type\":\"ReadAction\",\"target\":[\"https:\\\/\\\/trasimenomusicfestival.com\\\/the-first-international-angela-hewitt-masterclass\\\/\"]}]},{\"@type\":\"ImageObject\",\"inLanguage\":\"it-IT\",\"@id\":\"https:\\\/\\\/trasimenomusicfestival.com\\\/the-first-international-angela-hewitt-masterclass\\\/#primaryimage\",\"url\":\"https:\\\/\\\/trasimenomusicfestival.com\\\/os\\\/wp-content\\\/uploads\\\/2010\\\/08\\\/masterclass2010sml.jpg\",\"contentUrl\":\"https:\\\/\\\/trasimenomusicfestival.com\\\/os\\\/wp-content\\\/uploads\\\/2010\\\/08\\\/masterclass2010sml.jpg\",\"width\":751,\"height\":125},{\"@type\":\"BreadcrumbList\",\"@id\":\"https:\\\/\\\/trasimenomusicfestival.com\\\/the-first-international-angela-hewitt-masterclass\\\/#breadcrumb\",\"itemListElement\":[{\"@type\":\"ListItem\",\"position\":1,\"name\":\"Home\",\"item\":\"https:\\\/\\\/trasimenomusicfestival.com\\\/\"},{\"@type\":\"ListItem\",\"position\":2,\"name\":\"The first International Angela Hewitt Masterclass\"}]},{\"@type\":\"WebSite\",\"@id\":\"https:\\\/\\\/trasimenomusicfestival.com\\\/#website\",\"url\":\"https:\\\/\\\/trasimenomusicfestival.com\\\/\",\"name\":\"Trasimeno Music Festival\",\"description\":\"Concerti estivi in Umbria e sulle rive del Lago Trasimeno.\",\"publisher\":{\"@id\":\"https:\\\/\\\/trasimenomusicfestival.com\\\/#organization\"},\"potentialAction\":[{\"@type\":\"SearchAction\",\"target\":{\"@type\":\"EntryPoint\",\"urlTemplate\":\"https:\\\/\\\/trasimenomusicfestival.com\\\/?s={search_term_string}\"},\"query-input\":{\"@type\":\"PropertyValueSpecification\",\"valueRequired\":true,\"valueName\":\"search_term_string\"}}],\"inLanguage\":\"it-IT\"},{\"@type\":\"Organization\",\"@id\":\"https:\\\/\\\/trasimenomusicfestival.com\\\/#organization\",\"name\":\"Trasimeno Music Festival\",\"url\":\"https:\\\/\\\/trasimenomusicfestival.com\\\/\",\"logo\":{\"@type\":\"ImageObject\",\"inLanguage\":\"it-IT\",\"@id\":\"https:\\\/\\\/trasimenomusicfestival.com\\\/#\\\/schema\\\/logo\\\/image\\\/\",\"url\":\"https:\\\/\\\/trasimenomusicfestival.com\\\/os\\\/wp-content\\\/uploads\\\/2018\\\/08\\\/TMF-logo.jpg\",\"contentUrl\":\"https:\\\/\\\/trasimenomusicfestival.com\\\/os\\\/wp-content\\\/uploads\\\/2018\\\/08\\\/TMF-logo.jpg\",\"width\":1280,\"height\":854,\"caption\":\"Trasimeno Music Festival\"},\"image\":{\"@id\":\"https:\\\/\\\/trasimenomusicfestival.com\\\/#\\\/schema\\\/logo\\\/image\\\/\"},\"sameAs\":[\"https:\\\/\\\/www.facebook.com\\\/pages\\\/Trasimeno-Music-Festival\\\/133308716785209\",\"https:\\\/\\\/x.com\\\/TrasimenoMusic\",\"https:\\\/\\\/www.youtube.com\\\/channel\\\/UC-FOdrJ8yYapx2cweIM3fYA\"]},{\"@type\":\"Person\",\"@id\":\"https:\\\/\\\/trasimenomusicfestival.com\\\/#\\\/schema\\\/person\\\/5b7e8728546d1ab442a540e1ce70fb51\",\"name\":\"tmf_admin\",\"image\":{\"@type\":\"ImageObject\",\"inLanguage\":\"it-IT\",\"@id\":\"https:\\\/\\\/secure.gravatar.com\\\/avatar\\\/24327d278c452f50b3c59b6d03f08e0a855ca4949e4c4a4865e617cfed90c5af?s=96&d=mm&r=g\",\"url\":\"https:\\\/\\\/secure.gravatar.com\\\/avatar\\\/24327d278c452f50b3c59b6d03f08e0a855ca4949e4c4a4865e617cfed90c5af?s=96&d=mm&r=g\",\"contentUrl\":\"https:\\\/\\\/secure.gravatar.com\\\/avatar\\\/24327d278c452f50b3c59b6d03f08e0a855ca4949e4c4a4865e617cfed90c5af?s=96&d=mm&r=g\",\"caption\":\"tmf_admin\"}}]}<\/script>\n<!-- \/ Yoast SEO plugin. -->","yoast_head_json":{"title":"La prima Masterclass Internazionale di Angela Hewitt - Trasimeno Music Festival","robots":{"index":"index","follow":"follow","max-snippet":"max-snippet:-1","max-image-preview":"max-image-preview:large","max-video-preview":"max-video-preview:-1"},"canonical":"https:\/\/trasimenomusicfestival.com\/the-first-international-angela-hewitt-masterclass\/","twitter_card":"summary_large_image","twitter_title":"[:en]The first International Angela Hewitt Masterclass[:it]La prima Masterclass Internazionale di Angela Hewitt[:] - Trasimeno Music Festival","twitter_description":"[:en]I never thought I would enjoy it so much. Normally I only give a masterclass that lasts three hours, on a day when I often have an orchestral rehearsal or am recovering from a big recital the day before. This was the first time ever that I gave one that lasted a week. I was dreading it somewhat\u2014wondering if I would be able to sustain the interest for the pupils, hoping that I wouldn\u2019t get bored. That wasn\u2019t the case at all. Thanks to the students themselves (all girls funnily enough!), we had the most marvellous week together at the Auditorium Marianum in Perugia (the masterclass was a promotion of my Trasimeno Music Festival Association). I had asked the young pianists (aged 18 to 30) to prepare a huge programme (that already demanded a certain level), and we went through vast amounts of repertoire from Bach to George Crumb.[:]","twitter_image":"https:\/\/trasimenomusicfestival.com\/os\/wp-content\/uploads\/2010\/08\/masterclass2010sml.jpg","twitter_creator":"@TrasimenoMusic","twitter_site":"@TrasimenoMusic","twitter_misc":{"Scritto da":"tmf_admin","Tempo di lettura stimato":"4 minuti"},"schema":{"@context":"https:\/\/schema.org","@graph":[{"@type":"Article","@id":"https:\/\/trasimenomusicfestival.com\/the-first-international-angela-hewitt-masterclass\/#article","isPartOf":{"@id":"https:\/\/trasimenomusicfestival.com\/the-first-international-angela-hewitt-masterclass\/"},"author":{"name":"tmf_admin","@id":"https:\/\/trasimenomusicfestival.com\/#\/schema\/person\/5b7e8728546d1ab442a540e1ce70fb51"},"headline":"La prima Masterclass Internazionale di Angela Hewitt","datePublished":"2010-08-25T10:16:18+00:00","dateModified":"2018-10-12T12:05:46+00:00","mainEntityOfPage":{"@id":"https:\/\/trasimenomusicfestival.com\/the-first-international-angela-hewitt-masterclass\/"},"wordCount":840,"publisher":{"@id":"https:\/\/trasimenomusicfestival.com\/#organization"},"image":{"@id":"https:\/\/trasimenomusicfestival.com\/the-first-international-angela-hewitt-masterclass\/#primaryimage"},"thumbnailUrl":"https:\/\/trasimenomusicfestival.com\/os\/wp-content\/uploads\/2010\/08\/masterclass2010sml.jpg","articleSection":["Notizia"],"inLanguage":"it-IT"},{"@type":"WebPage","@id":"https:\/\/trasimenomusicfestival.com\/the-first-international-angela-hewitt-masterclass\/","url":"https:\/\/trasimenomusicfestival.com\/the-first-international-angela-hewitt-masterclass\/","name":"[:en]The first International Angela Hewitt Masterclass[:it]La prima Masterclass Internazionale di Angela Hewitt[:] - Trasimeno Music Festival","isPartOf":{"@id":"https:\/\/trasimenomusicfestival.com\/#website"},"primaryImageOfPage":{"@id":"https:\/\/trasimenomusicfestival.com\/the-first-international-angela-hewitt-masterclass\/#primaryimage"},"image":{"@id":"https:\/\/trasimenomusicfestival.com\/the-first-international-angela-hewitt-masterclass\/#primaryimage"},"thumbnailUrl":"https:\/\/trasimenomusicfestival.com\/os\/wp-content\/uploads\/2010\/08\/masterclass2010sml.jpg","datePublished":"2010-08-25T10:16:18+00:00","dateModified":"2018-10-12T12:05:46+00:00","breadcrumb":{"@id":"https:\/\/trasimenomusicfestival.com\/the-first-international-angela-hewitt-masterclass\/#breadcrumb"},"inLanguage":"it-IT","potentialAction":[{"@type":"ReadAction","target":["https:\/\/trasimenomusicfestival.com\/the-first-international-angela-hewitt-masterclass\/"]}]},{"@type":"ImageObject","inLanguage":"it-IT","@id":"https:\/\/trasimenomusicfestival.com\/the-first-international-angela-hewitt-masterclass\/#primaryimage","url":"https:\/\/trasimenomusicfestival.com\/os\/wp-content\/uploads\/2010\/08\/masterclass2010sml.jpg","contentUrl":"https:\/\/trasimenomusicfestival.com\/os\/wp-content\/uploads\/2010\/08\/masterclass2010sml.jpg","width":751,"height":125},{"@type":"BreadcrumbList","@id":"https:\/\/trasimenomusicfestival.com\/the-first-international-angela-hewitt-masterclass\/#breadcrumb","itemListElement":[{"@type":"ListItem","position":1,"name":"Home","item":"https:\/\/trasimenomusicfestival.com\/"},{"@type":"ListItem","position":2,"name":"The first International Angela Hewitt Masterclass"}]},{"@type":"WebSite","@id":"https:\/\/trasimenomusicfestival.com\/#website","url":"https:\/\/trasimenomusicfestival.com\/","name":"Trasimeno Music Festival","description":"Concerti estivi in Umbria e sulle rive del Lago Trasimeno.","publisher":{"@id":"https:\/\/trasimenomusicfestival.com\/#organization"},"potentialAction":[{"@type":"SearchAction","target":{"@type":"EntryPoint","urlTemplate":"https:\/\/trasimenomusicfestival.com\/?s={search_term_string}"},"query-input":{"@type":"PropertyValueSpecification","valueRequired":true,"valueName":"search_term_string"}}],"inLanguage":"it-IT"},{"@type":"Organization","@id":"https:\/\/trasimenomusicfestival.com\/#organization","name":"Trasimeno Music Festival","url":"https:\/\/trasimenomusicfestival.com\/","logo":{"@type":"ImageObject","inLanguage":"it-IT","@id":"https:\/\/trasimenomusicfestival.com\/#\/schema\/logo\/image\/","url":"https:\/\/trasimenomusicfestival.com\/os\/wp-content\/uploads\/2018\/08\/TMF-logo.jpg","contentUrl":"https:\/\/trasimenomusicfestival.com\/os\/wp-content\/uploads\/2018\/08\/TMF-logo.jpg","width":1280,"height":854,"caption":"Trasimeno Music Festival"},"image":{"@id":"https:\/\/trasimenomusicfestival.com\/#\/schema\/logo\/image\/"},"sameAs":["https:\/\/www.facebook.com\/pages\/Trasimeno-Music-Festival\/133308716785209","https:\/\/x.com\/TrasimenoMusic","https:\/\/www.youtube.com\/channel\/UC-FOdrJ8yYapx2cweIM3fYA"]},{"@type":"Person","@id":"https:\/\/trasimenomusicfestival.com\/#\/schema\/person\/5b7e8728546d1ab442a540e1ce70fb51","name":"tmf_admin","image":{"@type":"ImageObject","inLanguage":"it-IT","@id":"https:\/\/secure.gravatar.com\/avatar\/24327d278c452f50b3c59b6d03f08e0a855ca4949e4c4a4865e617cfed90c5af?s=96&d=mm&r=g","url":"https:\/\/secure.gravatar.com\/avatar\/24327d278c452f50b3c59b6d03f08e0a855ca4949e4c4a4865e617cfed90c5af?s=96&d=mm&r=g","contentUrl":"https:\/\/secure.gravatar.com\/avatar\/24327d278c452f50b3c59b6d03f08e0a855ca4949e4c4a4865e617cfed90c5af?s=96&d=mm&r=g","caption":"tmf_admin"}}]}},"_links":{"self":[{"href":"https:\/\/trasimenomusicfestival.com\/it\/wp-json\/wp\/v2\/posts\/58","targetHints":{"allow":["GET"]}}],"collection":[{"href":"https:\/\/trasimenomusicfestival.com\/it\/wp-json\/wp\/v2\/posts"}],"about":[{"href":"https:\/\/trasimenomusicfestival.com\/it\/wp-json\/wp\/v2\/types\/post"}],"author":[{"embeddable":true,"href":"https:\/\/trasimenomusicfestival.com\/it\/wp-json\/wp\/v2\/users\/2"}],"replies":[{"embeddable":true,"href":"https:\/\/trasimenomusicfestival.com\/it\/wp-json\/wp\/v2\/comments?post=58"}],"version-history":[{"count":5,"href":"https:\/\/trasimenomusicfestival.com\/it\/wp-json\/wp\/v2\/posts\/58\/revisions"}],"predecessor-version":[{"id":4710,"href":"https:\/\/trasimenomusicfestival.com\/it\/wp-json\/wp\/v2\/posts\/58\/revisions\/4710"}],"wp:featuredmedia":[{"embeddable":true,"href":"https:\/\/trasimenomusicfestival.com\/it\/wp-json\/wp\/v2\/media\/4709"}],"wp:attachment":[{"href":"https:\/\/trasimenomusicfestival.com\/it\/wp-json\/wp\/v2\/media?parent=58"}],"wp:term":[{"taxonomy":"category","embeddable":true,"href":"https:\/\/trasimenomusicfestival.com\/it\/wp-json\/wp\/v2\/categories?post=58"},{"taxonomy":"post_tag","embeddable":true,"href":"https:\/\/trasimenomusicfestival.com\/it\/wp-json\/wp\/v2\/tags?post=58"}],"curies":[{"name":"wp","href":"https:\/\/api.w.org\/{rel}","templated":true}]}}